{"id":7770,"date":"2017-02-03T12:18:55","date_gmt":"2017-02-03T15:18:55","guid":{"rendered":"http:\/\/yetgo.com.br\/blog\/?p=7770"},"modified":"2017-02-03T12:18:55","modified_gmt":"2017-02-03T15:18:55","slug":"yet-go-uber-belem-novos-adeptos","status":"publish","type":"post","link":"http:\/\/yetgo.com.br\/blog\/yet-go-uber-belem-novos-adeptos\/","title":{"rendered":"Yet Go e Uber abrem espa\u00e7o em Bel\u00e9m e ganham novos adeptos"},"content":{"rendered":"<p>A proibi\u00e7\u00e3o de aplicativos de transporte particular, como Uber e Yet Go, pela C\u00e2mara Municipal de Bel\u00e9m (CMB) e pelo prefeito Zenaldo Coutinho, por meio da lei 9.233\/2016, de autoria do presidente da casa, Orlando Reis (PSB), n\u00e3o impediu que o Uber come\u00e7asse o recrutamento de motoristas na capital e o Yet Go, que j\u00e1 funcionava h\u00e1 mais tempo, continuasse funcionando e ganhando novos adeptos. Segundo o pr\u00f3prio Sindicato dos Taxistas de Bel\u00e9m no Estado do Par\u00e1 (Stabepa), no entanto, a frota de t\u00e1xis em Bel\u00e9m, atualmente superior a 5 mil, j\u00e1 \u00e9 o dobro do que realmente precisaria rodar para atender a popula\u00e7\u00e3o.<br \/>\n<br \/>\nMuitas pessoas que j\u00e1 usaram Uber em outros estados relataram experi\u00eancias positivas e corridas bem mais baratas que com t\u00e1xis regulares. O mesmo com o Yet Go, em Bel\u00e9m. Sempre s\u00e3o ressaltadas caracter\u00edsticas como viagens seguras, confort\u00e1veis e com tratamento impec\u00e1vel. H\u00e1 reclama\u00e7\u00f5es e at\u00e9 den\u00fancias, mas de maneira informal. Usar o aplicativo do Uber, na capital paraense, resulta na mensagem de que o servi\u00e7o n\u00e3o est\u00e1 dispon\u00edvel ainda.<br \/>\n<br \/>\nPara se tornar motorista dos aplicativos, os interessados precisam passar por entrevistas, vistorias nos ve\u00edculos e estarem de acordo com uma longa lista de exig\u00eancias em rela\u00e7\u00e3o ao profissional e ao ve\u00edculo.<br \/>\n<br \/>\nO poder p\u00fablico, em n\u00edvel nacional, teve dificuldades de lidar com a quest\u00e3o. A lentid\u00e3o na tomada de decis\u00f5es, em Bel\u00e9m, \u00e9 retratada no tempo levado para que a prefeitura regulamentasse o servi\u00e7o de motot\u00e1xi e o fato de at\u00e9 hoje n\u00e3o ter regulamentado o transporte complementar alternativo.<br \/>\n<br \/>\nSindicato pede pris\u00e3o para donos<br \/>\n<br \/>\nEm um teste com o Yet Go, pedir um transporte foi muito r\u00e1pido. O ve\u00edculo chegou em cerca de 10 minutos, mas h\u00e1 relatos pela internet de tempos de espera maiores. O motorista, cuja identidade ser\u00e1 preservada, foi bastante atencioso e disse que a lei que pro\u00edbe os aplicativos de transporte particular s\u00f3 protegem monop\u00f3lios de servi\u00e7os caros e de baixa qualidade.<br \/>\n<br \/>\nNa avalia\u00e7\u00e3o de Alain Castro, presidente do Stabepa, os aplicativos j\u00e1 impactaram no servi\u00e7o dos t\u00e1xis regulares, mesmo que ainda n\u00e3o haja dados ou instrumentos para mensurar quanto. Ele foi duro e ofensivo em rela\u00e7\u00e3o aos aplicativos e respectivos \u201cdonos\u201d.<br \/>\n<br \/>\nEm nota, a Superintend\u00eancia Executiva de Mobilidade Urbana de Bel\u00e9m (Semob) informou que apesar da lei ainda n\u00e3o estar em vigor, j\u00e1 existe fiscaliza\u00e7\u00e3o. \u201cEm caso de flagrante o ve\u00edculo \u00e9 apreendido, al\u00e9m de ser aplicada uma multa administrativa, como prev\u00ea o C\u00f3digo de Tr\u00e2nsito Brasileiro (CTB)\u201d, disse em nota. Pela lei 9.223\/2016, a multa \u00e9 de R$ 1,7 mil.<\/p>\n<p>Artigo publicado originalmente em <a href=\"http:\/\/www.ormnews.com.br\/noticia\/yet-go-e-uber-abrem-espaco-em-belem-e-ganha-novos-adeptos\">ORM News<\/a><\/p>\n","protected":false},"excerpt":{"rendered":"<p>A proibi\u00e7\u00e3o de aplicativos de transporte particular, como Uber e Yet Go, pela C\u00e2mara Municipal de Bel\u00e9m (CMB) e pelo<\/p>\n","protected":false},"author":4,"featured_media":7698,"comment_status":"open","ping_status":"open","sticky":false,"template":"","format":"standard","meta":{"footnotes":""},"categories":[149],"tags":[],"class_list":["post-7770","post","type-post","status-publish","format-standard","has-post-thumbnail","hentry","category-materias"],"yoast_head":"<!-- This site is optimized with the Yoast SEO plugin v27.2 - https:\/\/yoast.com\/product\/yoast-seo-wordpress\/ -->\n<title>Yet GO Blog | Yet GO e uber abrem espa\u00e7o e ganham novos adeptos em Bel\u00e9m<\/title>\n<meta name=\"description\" content=\"Muitas pessoas que j\u00e1 usaram Yet GO em outros estados relataram experi\u00eancias positivas e corridas bem mais baratas que com t\u00e1xis regulares.\" \/>\n<meta name=\"robots\" content=\"index, follow, max-snippet:-1, max-image-preview:large, max-video-preview:-1\" \/>\n<link rel=\"canonical\" href=\"http:\/\/www.ormnews.com.br\/noticia\/yet-go-e-uber-abrem-espaco-em-belem-e-ganha-novos-adeptos\" \/>\n<meta property=\"og:locale\" content=\"pt_BR\" \/>\n<meta property=\"og:type\" content=\"article\" \/>\n<meta property=\"og:title\" content=\"Yet GO Blog | Yet GO e uber abrem espa\u00e7o e ganham novos adeptos em Bel\u00e9m\" \/>\n<meta property=\"og:description\" content=\"Muitas pessoas que j\u00e1 usaram Yet GO em outros estados relataram experi\u00eancias positivas e corridas bem mais baratas que com t\u00e1xis regulares.\" \/>\n<meta property=\"og:url\" content=\"http:\/\/www.ormnews.com.br\/noticia\/yet-go-e-uber-abrem-espaco-em-belem-e-ganha-novos-adeptos\" \/>\n<meta property=\"og:site_name\" content=\"Blog\" \/>\n<meta property=\"article:published_time\" content=\"2017-02-03T15:18:55+00:00\" \/>\n<meta property=\"og:image\" content=\"http:\/\/yetgo.com.br\/blog\/wp-content\/uploads\/2017\/01\/Yet-Go-App.jpg\" \/>\n\t<meta property=\"og:image:width\" content=\"800\" \/>\n\t<meta property=\"og:image:height\" content=\"534\" \/>\n\t<meta property=\"og:image:type\" content=\"image\/jpeg\" \/>\n<meta name=\"author\" content=\"Yet Go\" \/>\n<meta name=\"twitter:label1\" content=\"Escrito por\" \/>\n\t<meta name=\"twitter:data1\" content=\"Yet Go\" \/>\n\t<meta name=\"twitter:label2\" content=\"Est. tempo de leitura\" \/>\n\t<meta name=\"twitter:data2\" content=\"2 minutos\" \/>\n<script type=\"application\/ld+json\" class=\"yoast-schema-graph\">{\"@context\":\"https:\/\/schema.org\",\"@graph\":[{\"@type\":\"Article\",\"@id\":\"http:\/\/www.ormnews.com.br\/noticia\/yet-go-e-uber-abrem-espaco-em-belem-e-ganha-novos-adeptos#article\",\"isPartOf\":{\"@id\":\"http:\/\/yetgo.com.br\/blog\/yet-go-uber-belem-novos-adeptos\/\"},\"author\":{\"name\":\"Yet Go\",\"@id\":\"http:\/\/yetgo.com.br\/blog\/#\/schema\/person\/172c9b1186627bbf282e76e5564cedf0\"},\"headline\":\"Yet Go e Uber abrem espa\u00e7o em Bel\u00e9m e ganham novos adeptos\",\"datePublished\":\"2017-02-03T15:18:55+00:00\",\"mainEntityOfPage\":{\"@id\":\"http:\/\/yetgo.com.br\/blog\/yet-go-uber-belem-novos-adeptos\/\"},\"wordCount\":485,\"commentCount\":0,\"publisher\":{\"@id\":\"http:\/\/yetgo.com.br\/blog\/#organization\"},\"image\":{\"@id\":\"http:\/\/www.ormnews.com.br\/noticia\/yet-go-e-uber-abrem-espaco-em-belem-e-ganha-novos-adeptos#primaryimage\"},\"thumbnailUrl\":\"http:\/\/yetgo.com.br\/blog\/wp-content\/uploads\/2017\/01\/Yet-Go-App.jpg\",\"articleSection\":[\"Mat\u00e9rias\"],\"inLanguage\":\"pt-BR\",\"potentialAction\":[{\"@type\":\"CommentAction\",\"name\":\"Comment\",\"target\":[\"http:\/\/www.ormnews.com.br\/noticia\/yet-go-e-uber-abrem-espaco-em-belem-e-ganha-novos-adeptos#respond\"]}]},{\"@type\":\"WebPage\",\"@id\":\"http:\/\/yetgo.com.br\/blog\/yet-go-uber-belem-novos-adeptos\/\",\"url\":\"http:\/\/www.ormnews.com.br\/noticia\/yet-go-e-uber-abrem-espaco-em-belem-e-ganha-novos-adeptos\",\"name\":\"Yet GO Blog | Yet GO e uber abrem espa\u00e7o e ganham novos adeptos em Bel\u00e9m\",\"isPartOf\":{\"@id\":\"http:\/\/yetgo.com.br\/blog\/#website\"},\"primaryImageOfPage\":{\"@id\":\"http:\/\/www.ormnews.com.br\/noticia\/yet-go-e-uber-abrem-espaco-em-belem-e-ganha-novos-adeptos#primaryimage\"},\"image\":{\"@id\":\"http:\/\/www.ormnews.com.br\/noticia\/yet-go-e-uber-abrem-espaco-em-belem-e-ganha-novos-adeptos#primaryimage\"},\"thumbnailUrl\":\"http:\/\/yetgo.com.br\/blog\/wp-content\/uploads\/2017\/01\/Yet-Go-App.jpg\",\"datePublished\":\"2017-02-03T15:18:55+00:00\",\"description\":\"Muitas pessoas que j\u00e1 usaram Yet GO em outros estados relataram experi\u00eancias positivas e corridas bem mais baratas que com t\u00e1xis regulares.\",\"breadcrumb\":{\"@id\":\"http:\/\/www.ormnews.com.br\/noticia\/yet-go-e-uber-abrem-espaco-em-belem-e-ganha-novos-adeptos#breadcrumb\"},\"inLanguage\":\"pt-BR\",\"potentialAction\":[{\"@type\":\"ReadAction\",\"target\":[\"http:\/\/www.ormnews.com.br\/noticia\/yet-go-e-uber-abrem-espaco-em-belem-e-ganha-novos-adeptos\"]}]},{\"@type\":\"ImageObject\",\"inLanguage\":\"pt-BR\",\"@id\":\"http:\/\/www.ormnews.com.br\/noticia\/yet-go-e-uber-abrem-espaco-em-belem-e-ganha-novos-adeptos#primaryimage\",\"url\":\"http:\/\/yetgo.com.br\/blog\/wp-content\/uploads\/2017\/01\/Yet-Go-App.jpg\",\"contentUrl\":\"http:\/\/yetgo.com.br\/blog\/wp-content\/uploads\/2017\/01\/Yet-Go-App.jpg\",\"width\":800,\"height\":534,\"caption\":\"yet-go-app\"},{\"@type\":\"BreadcrumbList\",\"@id\":\"http:\/\/www.ormnews.com.br\/noticia\/yet-go-e-uber-abrem-espaco-em-belem-e-ganha-novos-adeptos#breadcrumb\",\"itemListElement\":[{\"@type\":\"ListItem\",\"position\":1,\"name\":\"Home\",\"item\":\"http:\/\/yetgo.com.br\/blog\/\"},{\"@type\":\"ListItem\",\"position\":2,\"name\":\"Yet Go e Uber abrem espa\u00e7o em Bel\u00e9m e ganham novos adeptos\"}]},{\"@type\":\"WebSite\",\"@id\":\"http:\/\/yetgo.com.br\/blog\/#website\",\"url\":\"http:\/\/yetgo.com.br\/blog\/\",\"name\":\"Blog\",\"description\":\"Novidades Yet GO\",\"publisher\":{\"@id\":\"http:\/\/yetgo.com.br\/blog\/#organization\"},\"potentialAction\":[{\"@type\":\"SearchAction\",\"target\":{\"@type\":\"EntryPoint\",\"urlTemplate\":\"http:\/\/yetgo.com.br\/blog\/?s={search_term_string}\"},\"query-input\":{\"@type\":\"PropertyValueSpecification\",\"valueRequired\":true,\"valueName\":\"search_term_string\"}}],\"inLanguage\":\"pt-BR\"},{\"@type\":\"Organization\",\"@id\":\"http:\/\/yetgo.com.br\/blog\/#organization\",\"name\":\"Blog\",\"url\":\"http:\/\/yetgo.com.br\/blog\/\",\"logo\":{\"@type\":\"ImageObject\",\"inLanguage\":\"pt-BR\",\"@id\":\"http:\/\/yetgo.com.br\/blog\/#\/schema\/logo\/image\/\",\"url\":\"http:\/\/yetgo.com.br\/blog\/wp-content\/uploads\/2016\/11\/logo_YET_go_60.png\",\"contentUrl\":\"http:\/\/yetgo.com.br\/blog\/wp-content\/uploads\/2016\/11\/logo_YET_go_60.png\",\"width\":116,\"height\":60,\"caption\":\"Blog\"},\"image\":{\"@id\":\"http:\/\/yetgo.com.br\/blog\/#\/schema\/logo\/image\/\"}},{\"@type\":\"Person\",\"@id\":\"http:\/\/yetgo.com.br\/blog\/#\/schema\/person\/172c9b1186627bbf282e76e5564cedf0\",\"name\":\"Yet Go\",\"image\":{\"@type\":\"ImageObject\",\"inLanguage\":\"pt-BR\",\"@id\":\"https:\/\/secure.gravatar.com\/avatar\/ba6688e218edcbcca0d43ba8cfe5fd896adca26c2f80a5e97750b8293fb67fad?s=96&d=mm&r=g\",\"url\":\"https:\/\/secure.gravatar.com\/avatar\/ba6688e218edcbcca0d43ba8cfe5fd896adca26c2f80a5e97750b8293fb67fad?s=96&d=mm&r=g\",\"contentUrl\":\"https:\/\/secure.gravatar.com\/avatar\/ba6688e218edcbcca0d43ba8cfe5fd896adca26c2f80a5e97750b8293fb67fad?s=96&d=mm&r=g\",\"caption\":\"Yet Go\"},\"url\":\"http:\/\/yetgo.com.br\/blog\/author\/social\/\"}]}<\/script>\n<!-- \/ Yoast SEO plugin. -->","yoast_head_json":{"title":"Yet GO Blog | Yet GO e uber abrem espa\u00e7o e ganham novos adeptos em Bel\u00e9m","description":"Muitas pessoas que j\u00e1 usaram Yet GO em outros estados relataram experi\u00eancias positivas e corridas bem mais baratas que com t\u00e1xis regulares.","robots":{"index":"index","follow":"follow","max-snippet":"max-snippet:-1","max-image-preview":"max-image-preview:large","max-video-preview":"max-video-preview:-1"},"canonical":"http:\/\/www.ormnews.com.br\/noticia\/yet-go-e-uber-abrem-espaco-em-belem-e-ganha-novos-adeptos","og_locale":"pt_BR","og_type":"article","og_title":"Yet GO Blog | Yet GO e uber abrem espa\u00e7o e ganham novos adeptos em Bel\u00e9m","og_description":"Muitas pessoas que j\u00e1 usaram Yet GO em outros estados relataram experi\u00eancias positivas e corridas bem mais baratas que com t\u00e1xis regulares.","og_url":"http:\/\/www.ormnews.com.br\/noticia\/yet-go-e-uber-abrem-espaco-em-belem-e-ganha-novos-adeptos","og_site_name":"Blog","article_published_time":"2017-02-03T15:18:55+00:00","og_image":[{"width":800,"height":534,"url":"http:\/\/yetgo.com.br\/blog\/wp-content\/uploads\/2017\/01\/Yet-Go-App.jpg","type":"image\/jpeg"}],"author":"Yet Go","twitter_misc":{"Escrito por":"Yet Go","Est. tempo de leitura":"2 minutos"},"schema":{"@context":"https:\/\/schema.org","@graph":[{"@type":"Article","@id":"http:\/\/www.ormnews.com.br\/noticia\/yet-go-e-uber-abrem-espaco-em-belem-e-ganha-novos-adeptos#article","isPartOf":{"@id":"http:\/\/yetgo.com.br\/blog\/yet-go-uber-belem-novos-adeptos\/"},"author":{"name":"Yet Go","@id":"http:\/\/yetgo.com.br\/blog\/#\/schema\/person\/172c9b1186627bbf282e76e5564cedf0"},"headline":"Yet Go e Uber abrem espa\u00e7o em Bel\u00e9m e ganham novos adeptos","datePublished":"2017-02-03T15:18:55+00:00","mainEntityOfPage":{"@id":"http:\/\/yetgo.com.br\/blog\/yet-go-uber-belem-novos-adeptos\/"},"wordCount":485,"commentCount":0,"publisher":{"@id":"http:\/\/yetgo.com.br\/blog\/#organization"},"image":{"@id":"http:\/\/www.ormnews.com.br\/noticia\/yet-go-e-uber-abrem-espaco-em-belem-e-ganha-novos-adeptos#primaryimage"},"thumbnailUrl":"http:\/\/yetgo.com.br\/blog\/wp-content\/uploads\/2017\/01\/Yet-Go-App.jpg","articleSection":["Mat\u00e9rias"],"inLanguage":"pt-BR","potentialAction":[{"@type":"CommentAction","name":"Comment","target":["http:\/\/www.ormnews.com.br\/noticia\/yet-go-e-uber-abrem-espaco-em-belem-e-ganha-novos-adeptos#respond"]}]},{"@type":"WebPage","@id":"http:\/\/yetgo.com.br\/blog\/yet-go-uber-belem-novos-adeptos\/","url":"http:\/\/www.ormnews.com.br\/noticia\/yet-go-e-uber-abrem-espaco-em-belem-e-ganha-novos-adeptos","name":"Yet GO Blog | Yet GO e uber abrem espa\u00e7o e ganham novos adeptos em Bel\u00e9m","isPartOf":{"@id":"http:\/\/yetgo.com.br\/blog\/#website"},"primaryImageOfPage":{"@id":"http:\/\/www.ormnews.com.br\/noticia\/yet-go-e-uber-abrem-espaco-em-belem-e-ganha-novos-adeptos#primaryimage"},"image":{"@id":"http:\/\/www.ormnews.com.br\/noticia\/yet-go-e-uber-abrem-espaco-em-belem-e-ganha-novos-adeptos#primaryimage"},"thumbnailUrl":"http:\/\/yetgo.com.br\/blog\/wp-content\/uploads\/2017\/01\/Yet-Go-App.jpg","datePublished":"2017-02-03T15:18:55+00:00","description":"Muitas pessoas que j\u00e1 usaram Yet GO em outros estados relataram experi\u00eancias positivas e corridas bem mais baratas que com t\u00e1xis regulares.","breadcrumb":{"@id":"http:\/\/www.ormnews.com.br\/noticia\/yet-go-e-uber-abrem-espaco-em-belem-e-ganha-novos-adeptos#breadcrumb"},"inLanguage":"pt-BR","potentialAction":[{"@type":"ReadAction","target":["http:\/\/www.ormnews.com.br\/noticia\/yet-go-e-uber-abrem-espaco-em-belem-e-ganha-novos-adeptos"]}]},{"@type":"ImageObject","inLanguage":"pt-BR","@id":"http:\/\/www.ormnews.com.br\/noticia\/yet-go-e-uber-abrem-espaco-em-belem-e-ganha-novos-adeptos#primaryimage","url":"http:\/\/yetgo.com.br\/blog\/wp-content\/uploads\/2017\/01\/Yet-Go-App.jpg","contentUrl":"http:\/\/yetgo.com.br\/blog\/wp-content\/uploads\/2017\/01\/Yet-Go-App.jpg","width":800,"height":534,"caption":"yet-go-app"},{"@type":"BreadcrumbList","@id":"http:\/\/www.ormnews.com.br\/noticia\/yet-go-e-uber-abrem-espaco-em-belem-e-ganha-novos-adeptos#breadcrumb","itemListElement":[{"@type":"ListItem","position":1,"name":"Home","item":"http:\/\/yetgo.com.br\/blog\/"},{"@type":"ListItem","position":2,"name":"Yet Go e Uber abrem espa\u00e7o em Bel\u00e9m e ganham novos adeptos"}]},{"@type":"WebSite","@id":"http:\/\/yetgo.com.br\/blog\/#website","url":"http:\/\/yetgo.com.br\/blog\/","name":"Blog","description":"Novidades Yet GO","publisher":{"@id":"http:\/\/yetgo.com.br\/blog\/#organization"},"potentialAction":[{"@type":"SearchAction","target":{"@type":"EntryPoint","urlTemplate":"http:\/\/yetgo.com.br\/blog\/?s={search_term_string}"},"query-input":{"@type":"PropertyValueSpecification","valueRequired":true,"valueName":"search_term_string"}}],"inLanguage":"pt-BR"},{"@type":"Organization","@id":"http:\/\/yetgo.com.br\/blog\/#organization","name":"Blog","url":"http:\/\/yetgo.com.br\/blog\/","logo":{"@type":"ImageObject","inLanguage":"pt-BR","@id":"http:\/\/yetgo.com.br\/blog\/#\/schema\/logo\/image\/","url":"http:\/\/yetgo.com.br\/blog\/wp-content\/uploads\/2016\/11\/logo_YET_go_60.png","contentUrl":"http:\/\/yetgo.com.br\/blog\/wp-content\/uploads\/2016\/11\/logo_YET_go_60.png","width":116,"height":60,"caption":"Blog"},"image":{"@id":"http:\/\/yetgo.com.br\/blog\/#\/schema\/logo\/image\/"}},{"@type":"Person","@id":"http:\/\/yetgo.com.br\/blog\/#\/schema\/person\/172c9b1186627bbf282e76e5564cedf0","name":"Yet Go","image":{"@type":"ImageObject","inLanguage":"pt-BR","@id":"https:\/\/secure.gravatar.com\/avatar\/ba6688e218edcbcca0d43ba8cfe5fd896adca26c2f80a5e97750b8293fb67fad?s=96&d=mm&r=g","url":"https:\/\/secure.gravatar.com\/avatar\/ba6688e218edcbcca0d43ba8cfe5fd896adca26c2f80a5e97750b8293fb67fad?s=96&d=mm&r=g","contentUrl":"https:\/\/secure.gravatar.com\/avatar\/ba6688e218edcbcca0d43ba8cfe5fd896adca26c2f80a5e97750b8293fb67fad?s=96&d=mm&r=g","caption":"Yet Go"},"url":"http:\/\/yetgo.com.br\/blog\/author\/social\/"}]}},"_links":{"self":[{"href":"http:\/\/yetgo.com.br\/blog\/wp-json\/wp\/v2\/posts\/7770","targetHints":{"allow":["GET"]}}],"collection":[{"href":"http:\/\/yetgo.com.br\/blog\/wp-json\/wp\/v2\/posts"}],"about":[{"href":"http:\/\/yetgo.com.br\/blog\/wp-json\/wp\/v2\/types\/post"}],"author":[{"embeddable":true,"href":"http:\/\/yetgo.com.br\/blog\/wp-json\/wp\/v2\/users\/4"}],"replies":[{"embeddable":true,"href":"http:\/\/yetgo.com.br\/blog\/wp-json\/wp\/v2\/comments?post=7770"}],"version-history":[{"count":1,"href":"http:\/\/yetgo.com.br\/blog\/wp-json\/wp\/v2\/posts\/7770\/revisions"}],"predecessor-version":[{"id":7771,"href":"http:\/\/yetgo.com.br\/blog\/wp-json\/wp\/v2\/posts\/7770\/revisions\/7771"}],"wp:featuredmedia":[{"embeddable":true,"href":"http:\/\/yetgo.com.br\/blog\/wp-json\/wp\/v2\/media\/7698"}],"wp:attachment":[{"href":"http:\/\/yetgo.com.br\/blog\/wp-json\/wp\/v2\/media?parent=7770"}],"wp:term":[{"taxonomy":"category","embeddable":true,"href":"http:\/\/yetgo.com.br\/blog\/wp-json\/wp\/v2\/categories?post=7770"},{"taxonomy":"post_tag","embeddable":true,"href":"http:\/\/yetgo.com.br\/blog\/wp-json\/wp\/v2\/tags?post=7770"}],"curies":[{"name":"wp","href":"https:\/\/api.w.org\/{rel}","templated":true}]}}