{"id":7731,"date":"2017-02-01T11:30:58","date_gmt":"2017-02-01T14:30:58","guid":{"rendered":"http:\/\/yetgo.com.br\/blog\/?p=7731"},"modified":"2017-02-01T11:30:58","modified_gmt":"2017-02-01T14:30:58","slug":"defensoria-liberar-uber-yet-go","status":"publish","type":"post","link":"http:\/\/yetgo.com.br\/blog\/defensoria-liberar-uber-yet-go\/","title":{"rendered":"Defensoria quer liberar Uber e Yet Go"},"content":{"rendered":"<p>A pol\u00eamica sobre o uso de aplicativos para transporte remunerado de passageiros, como Uber e Yet Go, ganhou novo cap\u00edtulo, em Bel\u00e9m. A Defensoria P\u00fablica do Par\u00e1 entrou com uma a\u00e7\u00e3o civil p\u00fablica para tentar suspender a lei que pro\u00edbe o uso desses aplicativos na cidade. O projeto foi aprovado pela C\u00e2mara Municipal de Bel\u00e9m (CMB), no \u00faltimo dia 1\u00ba, e sancionado pelo prefeito Zenaldo Coutinho, 6 dias depois.<br \/>\n<br \/>\n\u201c<em><strong>A gente acompanhou a demanda da popula\u00e7\u00e3o e decidiu tomar a iniciativa de entrar com a\u00e7\u00e3o para suspender as multas aos aplicativos<\/strong><\/em>\u201d, disse o defensor p\u00fablico Jo\u00e3o Paulo Carneiro Ledo, do N\u00facleo de Defesa do Consumidor, um dos autores da a\u00e7\u00e3o. A medida \u00e9 contra o Munic\u00edpio de Bel\u00e9m e pede a suspens\u00e3o da lei 9.233\/2016, que pro\u00edbe o uso dos aplicativos.<br \/>\n<br \/>\n<strong>A\u00c7\u00c3O<\/strong><br \/>\n<br \/>\n Segundo Ledo, a a\u00e7\u00e3o abrange todo transporte privativo individual remunerado de passageiros cadastrados por aplicativo. A Defensoria defende que seja feita uma regulamenta\u00e7\u00e3o para os aplicativos, com taxas e recursos de seguran\u00e7a que garantam a concorr\u00eancia leal entre os profissionais que atuam nesse tipo de servi\u00e7o e os taxistas. \u201c<strong><em>Mas, simplesmente proibir entraria em choque com os direitos fundamentais de livre iniciativa do mercado e direitos do consumidor<\/em><\/strong>\u201d, afirmou Ledo.<br \/>\n<br \/>\nO defensor informou que outros munic\u00edpios j\u00e1 passaram por situa\u00e7\u00f5es parecidas, como Recife, Rio de Janeiro, S\u00e3o Paulo e Belo Horizonte, mas todas resultaram em julgamento favor\u00e1vel aos aplicativos. \u201c\u00c9 benef\u00edcio para todos porque economicamente tende a ser positivo para o mercado e para o consumidor\u201d, ressaltou Jo\u00e3o Paulo Ledo.<br \/>\n<br \/>\n<strong>LEI MUNICIPAL<\/strong><br \/>\n<br \/>\n&#8211; A Lei 9.233\/2016, que pro\u00edbe o uso de aplicativos como Uber e Yet Go, foi sancionada pelo prefeito Zenaldo Coutinho, no \u00faltimo dia 6.<br \/>\n&#8211; O Projeto de Lei \u00e9 de autoria do vereador e vice-prefeito eleito Orlando Reis.<br \/>\n&#8211; A a\u00e7\u00e3o da Defensoria P\u00fablica tramita na 3\u00aa Vara da Fazenda P\u00fablica.<br \/>\n&#8211; O julgamento deve ocorrer at\u00e9 6 de mar\u00e7o de 2017, quando a lei entra em vigor. At\u00e9 l\u00e1, os aplicativos est\u00e3o funcionando.<\/p>\n<p>Artigo publicado originalmente em <a href=\"http:\/\/www.diarioonline.com.br\/noticias\/para\/noticia-388380-defensoria-querliberar-uber-e-yet-go.html\">DOL Di\u00e1rio Online<\/a><\/p>\n","protected":false},"excerpt":{"rendered":"<p>A pol\u00eamica sobre o uso de aplicativos para transporte remunerado de passageiros, como Uber e Yet Go, ganhou novo cap\u00edtulo,<\/p>\n","protected":false},"author":4,"featured_media":7667,"comment_status":"open","ping_status":"open","sticky":false,"template":"","format":"standard","meta":{"footnotes":""},"categories":[149],"tags":[],"class_list":["post-7731","post","type-post","status-publish","format-standard","has-post-thumbnail","hentry","category-materias"],"yoast_head":"<!-- This site is optimized with the Yoast SEO plugin v27.2 - https:\/\/yoast.com\/product\/yoast-seo-wordpress\/ -->\n<title>Yet GO Blog | Defensoria quer liberar Uber e Yet GO<\/title>\n<meta name=\"description\" content=\"A Defensoria P\u00fablica do Par\u00e1 entrou com uma a\u00e7\u00e3o civil p\u00fablica para tentar suspender a lei que pro\u00edbe o uso desses aplicativos na cidade.\" \/>\n<meta name=\"robots\" content=\"index, follow, max-snippet:-1, max-image-preview:large, max-video-preview:-1\" \/>\n<link rel=\"canonical\" href=\"http:\/\/www.diarioonline.com.br\/noticias\/para\/noticia-388380-defensoria-querliberar-uber-e-yet-go.html\" \/>\n<meta property=\"og:locale\" content=\"pt_BR\" \/>\n<meta property=\"og:type\" content=\"article\" \/>\n<meta property=\"og:title\" content=\"Yet GO Blog | Defensoria quer liberar Uber e Yet GO\" \/>\n<meta property=\"og:description\" content=\"A Defensoria P\u00fablica do Par\u00e1 entrou com uma a\u00e7\u00e3o civil p\u00fablica para tentar suspender a lei que pro\u00edbe o uso desses aplicativos na cidade.\" \/>\n<meta property=\"og:url\" content=\"http:\/\/www.diarioonline.com.br\/noticias\/para\/noticia-388380-defensoria-querliberar-uber-e-yet-go.html\" \/>\n<meta property=\"og:site_name\" content=\"Blog\" \/>\n<meta property=\"article:published_time\" content=\"2017-02-01T14:30:58+00:00\" \/>\n<meta property=\"og:image\" content=\"http:\/\/yetgo.com.br\/blog\/wp-content\/uploads\/2017\/01\/yeto-go-app.jpg\" \/>\n\t<meta property=\"og:image:width\" content=\"699\" \/>\n\t<meta property=\"og:image:height\" content=\"420\" \/>\n\t<meta property=\"og:image:type\" content=\"image\/jpeg\" \/>\n<meta name=\"author\" content=\"Yet Go\" \/>\n<meta name=\"twitter:label1\" content=\"Escrito por\" \/>\n\t<meta name=\"twitter:data1\" content=\"Yet Go\" \/>\n\t<meta name=\"twitter:label2\" content=\"Est. tempo de leitura\" \/>\n\t<meta name=\"twitter:data2\" content=\"2 minutos\" \/>\n<script type=\"application\/ld+json\" class=\"yoast-schema-graph\">{\"@context\":\"https:\/\/schema.org\",\"@graph\":[{\"@type\":\"Article\",\"@id\":\"http:\/\/www.diarioonline.com.br\/noticias\/para\/noticia-388380-defensoria-querliberar-uber-e-yet-go.html#article\",\"isPartOf\":{\"@id\":\"http:\/\/yetgo.com.br\/blog\/defensoria-liberar-uber-yet-go\/\"},\"author\":{\"name\":\"Yet Go\",\"@id\":\"http:\/\/yetgo.com.br\/blog\/#\/schema\/person\/172c9b1186627bbf282e76e5564cedf0\"},\"headline\":\"Defensoria quer liberar Uber e Yet Go\",\"datePublished\":\"2017-02-01T14:30:58+00:00\",\"mainEntityOfPage\":{\"@id\":\"http:\/\/yetgo.com.br\/blog\/defensoria-liberar-uber-yet-go\/\"},\"wordCount\":371,\"commentCount\":1,\"publisher\":{\"@id\":\"http:\/\/yetgo.com.br\/blog\/#organization\"},\"image\":{\"@id\":\"http:\/\/www.diarioonline.com.br\/noticias\/para\/noticia-388380-defensoria-querliberar-uber-e-yet-go.html#primaryimage\"},\"thumbnailUrl\":\"http:\/\/yetgo.com.br\/blog\/wp-content\/uploads\/2017\/01\/yeto-go-app.jpg\",\"articleSection\":[\"Mat\u00e9rias\"],\"inLanguage\":\"pt-BR\",\"potentialAction\":[{\"@type\":\"CommentAction\",\"name\":\"Comment\",\"target\":[\"http:\/\/www.diarioonline.com.br\/noticias\/para\/noticia-388380-defensoria-querliberar-uber-e-yet-go.html#respond\"]}]},{\"@type\":\"WebPage\",\"@id\":\"http:\/\/yetgo.com.br\/blog\/defensoria-liberar-uber-yet-go\/\",\"url\":\"http:\/\/www.diarioonline.com.br\/noticias\/para\/noticia-388380-defensoria-querliberar-uber-e-yet-go.html\",\"name\":\"Yet GO Blog | Defensoria quer liberar Uber e Yet GO\",\"isPartOf\":{\"@id\":\"http:\/\/yetgo.com.br\/blog\/#website\"},\"primaryImageOfPage\":{\"@id\":\"http:\/\/www.diarioonline.com.br\/noticias\/para\/noticia-388380-defensoria-querliberar-uber-e-yet-go.html#primaryimage\"},\"image\":{\"@id\":\"http:\/\/www.diarioonline.com.br\/noticias\/para\/noticia-388380-defensoria-querliberar-uber-e-yet-go.html#primaryimage\"},\"thumbnailUrl\":\"http:\/\/yetgo.com.br\/blog\/wp-content\/uploads\/2017\/01\/yeto-go-app.jpg\",\"datePublished\":\"2017-02-01T14:30:58+00:00\",\"description\":\"A Defensoria P\u00fablica do Par\u00e1 entrou com uma a\u00e7\u00e3o civil p\u00fablica para tentar suspender a lei que pro\u00edbe o uso desses aplicativos na cidade.\",\"breadcrumb\":{\"@id\":\"http:\/\/www.diarioonline.com.br\/noticias\/para\/noticia-388380-defensoria-querliberar-uber-e-yet-go.html#breadcrumb\"},\"inLanguage\":\"pt-BR\",\"potentialAction\":[{\"@type\":\"ReadAction\",\"target\":[\"http:\/\/www.diarioonline.com.br\/noticias\/para\/noticia-388380-defensoria-querliberar-uber-e-yet-go.html\"]}]},{\"@type\":\"ImageObject\",\"inLanguage\":\"pt-BR\",\"@id\":\"http:\/\/www.diarioonline.com.br\/noticias\/para\/noticia-388380-defensoria-querliberar-uber-e-yet-go.html#primaryimage\",\"url\":\"http:\/\/yetgo.com.br\/blog\/wp-content\/uploads\/2017\/01\/yeto-go-app.jpg\",\"contentUrl\":\"http:\/\/yetgo.com.br\/blog\/wp-content\/uploads\/2017\/01\/yeto-go-app.jpg\",\"width\":699,\"height\":420,\"caption\":\"yeto-go-app\"},{\"@type\":\"BreadcrumbList\",\"@id\":\"http:\/\/www.diarioonline.com.br\/noticias\/para\/noticia-388380-defensoria-querliberar-uber-e-yet-go.html#breadcrumb\",\"itemListElement\":[{\"@type\":\"ListItem\",\"position\":1,\"name\":\"Home\",\"item\":\"http:\/\/yetgo.com.br\/blog\/\"},{\"@type\":\"ListItem\",\"position\":2,\"name\":\"Defensoria quer liberar Uber e Yet Go\"}]},{\"@type\":\"WebSite\",\"@id\":\"http:\/\/yetgo.com.br\/blog\/#website\",\"url\":\"http:\/\/yetgo.com.br\/blog\/\",\"name\":\"Blog\",\"description\":\"Novidades Yet GO\",\"publisher\":{\"@id\":\"http:\/\/yetgo.com.br\/blog\/#organization\"},\"potentialAction\":[{\"@type\":\"SearchAction\",\"target\":{\"@type\":\"EntryPoint\",\"urlTemplate\":\"http:\/\/yetgo.com.br\/blog\/?s={search_term_string}\"},\"query-input\":{\"@type\":\"PropertyValueSpecification\",\"valueRequired\":true,\"valueName\":\"search_term_string\"}}],\"inLanguage\":\"pt-BR\"},{\"@type\":\"Organization\",\"@id\":\"http:\/\/yetgo.com.br\/blog\/#organization\",\"name\":\"Blog\",\"url\":\"http:\/\/yetgo.com.br\/blog\/\",\"logo\":{\"@type\":\"ImageObject\",\"inLanguage\":\"pt-BR\",\"@id\":\"http:\/\/yetgo.com.br\/blog\/#\/schema\/logo\/image\/\",\"url\":\"http:\/\/yetgo.com.br\/blog\/wp-content\/uploads\/2016\/11\/logo_YET_go_60.png\",\"contentUrl\":\"http:\/\/yetgo.com.br\/blog\/wp-content\/uploads\/2016\/11\/logo_YET_go_60.png\",\"width\":116,\"height\":60,\"caption\":\"Blog\"},\"image\":{\"@id\":\"http:\/\/yetgo.com.br\/blog\/#\/schema\/logo\/image\/\"}},{\"@type\":\"Person\",\"@id\":\"http:\/\/yetgo.com.br\/blog\/#\/schema\/person\/172c9b1186627bbf282e76e5564cedf0\",\"name\":\"Yet Go\",\"image\":{\"@type\":\"ImageObject\",\"inLanguage\":\"pt-BR\",\"@id\":\"https:\/\/secure.gravatar.com\/avatar\/ba6688e218edcbcca0d43ba8cfe5fd896adca26c2f80a5e97750b8293fb67fad?s=96&d=mm&r=g\",\"url\":\"https:\/\/secure.gravatar.com\/avatar\/ba6688e218edcbcca0d43ba8cfe5fd896adca26c2f80a5e97750b8293fb67fad?s=96&d=mm&r=g\",\"contentUrl\":\"https:\/\/secure.gravatar.com\/avatar\/ba6688e218edcbcca0d43ba8cfe5fd896adca26c2f80a5e97750b8293fb67fad?s=96&d=mm&r=g\",\"caption\":\"Yet Go\"},\"url\":\"http:\/\/yetgo.com.br\/blog\/author\/social\/\"}]}<\/script>\n<!-- \/ Yoast SEO plugin. -->","yoast_head_json":{"title":"Yet GO Blog | Defensoria quer liberar Uber e Yet GO","description":"A Defensoria P\u00fablica do Par\u00e1 entrou com uma a\u00e7\u00e3o civil p\u00fablica para tentar suspender a lei que pro\u00edbe o uso desses aplicativos na cidade.","robots":{"index":"index","follow":"follow","max-snippet":"max-snippet:-1","max-image-preview":"max-image-preview:large","max-video-preview":"max-video-preview:-1"},"canonical":"http:\/\/www.diarioonline.com.br\/noticias\/para\/noticia-388380-defensoria-querliberar-uber-e-yet-go.html","og_locale":"pt_BR","og_type":"article","og_title":"Yet GO Blog | Defensoria quer liberar Uber e Yet GO","og_description":"A Defensoria P\u00fablica do Par\u00e1 entrou com uma a\u00e7\u00e3o civil p\u00fablica para tentar suspender a lei que pro\u00edbe o uso desses aplicativos na cidade.","og_url":"http:\/\/www.diarioonline.com.br\/noticias\/para\/noticia-388380-defensoria-querliberar-uber-e-yet-go.html","og_site_name":"Blog","article_published_time":"2017-02-01T14:30:58+00:00","og_image":[{"width":699,"height":420,"url":"http:\/\/yetgo.com.br\/blog\/wp-content\/uploads\/2017\/01\/yeto-go-app.jpg","type":"image\/jpeg"}],"author":"Yet Go","twitter_misc":{"Escrito por":"Yet Go","Est. tempo de leitura":"2 minutos"},"schema":{"@context":"https:\/\/schema.org","@graph":[{"@type":"Article","@id":"http:\/\/www.diarioonline.com.br\/noticias\/para\/noticia-388380-defensoria-querliberar-uber-e-yet-go.html#article","isPartOf":{"@id":"http:\/\/yetgo.com.br\/blog\/defensoria-liberar-uber-yet-go\/"},"author":{"name":"Yet Go","@id":"http:\/\/yetgo.com.br\/blog\/#\/schema\/person\/172c9b1186627bbf282e76e5564cedf0"},"headline":"Defensoria quer liberar Uber e Yet Go","datePublished":"2017-02-01T14:30:58+00:00","mainEntityOfPage":{"@id":"http:\/\/yetgo.com.br\/blog\/defensoria-liberar-uber-yet-go\/"},"wordCount":371,"commentCount":1,"publisher":{"@id":"http:\/\/yetgo.com.br\/blog\/#organization"},"image":{"@id":"http:\/\/www.diarioonline.com.br\/noticias\/para\/noticia-388380-defensoria-querliberar-uber-e-yet-go.html#primaryimage"},"thumbnailUrl":"http:\/\/yetgo.com.br\/blog\/wp-content\/uploads\/2017\/01\/yeto-go-app.jpg","articleSection":["Mat\u00e9rias"],"inLanguage":"pt-BR","potentialAction":[{"@type":"CommentAction","name":"Comment","target":["http:\/\/www.diarioonline.com.br\/noticias\/para\/noticia-388380-defensoria-querliberar-uber-e-yet-go.html#respond"]}]},{"@type":"WebPage","@id":"http:\/\/yetgo.com.br\/blog\/defensoria-liberar-uber-yet-go\/","url":"http:\/\/www.diarioonline.com.br\/noticias\/para\/noticia-388380-defensoria-querliberar-uber-e-yet-go.html","name":"Yet GO Blog | Defensoria quer liberar Uber e Yet GO","isPartOf":{"@id":"http:\/\/yetgo.com.br\/blog\/#website"},"primaryImageOfPage":{"@id":"http:\/\/www.diarioonline.com.br\/noticias\/para\/noticia-388380-defensoria-querliberar-uber-e-yet-go.html#primaryimage"},"image":{"@id":"http:\/\/www.diarioonline.com.br\/noticias\/para\/noticia-388380-defensoria-querliberar-uber-e-yet-go.html#primaryimage"},"thumbnailUrl":"http:\/\/yetgo.com.br\/blog\/wp-content\/uploads\/2017\/01\/yeto-go-app.jpg","datePublished":"2017-02-01T14:30:58+00:00","description":"A Defensoria P\u00fablica do Par\u00e1 entrou com uma a\u00e7\u00e3o civil p\u00fablica para tentar suspender a lei que pro\u00edbe o uso desses aplicativos na cidade.","breadcrumb":{"@id":"http:\/\/www.diarioonline.com.br\/noticias\/para\/noticia-388380-defensoria-querliberar-uber-e-yet-go.html#breadcrumb"},"inLanguage":"pt-BR","potentialAction":[{"@type":"ReadAction","target":["http:\/\/www.diarioonline.com.br\/noticias\/para\/noticia-388380-defensoria-querliberar-uber-e-yet-go.html"]}]},{"@type":"ImageObject","inLanguage":"pt-BR","@id":"http:\/\/www.diarioonline.com.br\/noticias\/para\/noticia-388380-defensoria-querliberar-uber-e-yet-go.html#primaryimage","url":"http:\/\/yetgo.com.br\/blog\/wp-content\/uploads\/2017\/01\/yeto-go-app.jpg","contentUrl":"http:\/\/yetgo.com.br\/blog\/wp-content\/uploads\/2017\/01\/yeto-go-app.jpg","width":699,"height":420,"caption":"yeto-go-app"},{"@type":"BreadcrumbList","@id":"http:\/\/www.diarioonline.com.br\/noticias\/para\/noticia-388380-defensoria-querliberar-uber-e-yet-go.html#breadcrumb","itemListElement":[{"@type":"ListItem","position":1,"name":"Home","item":"http:\/\/yetgo.com.br\/blog\/"},{"@type":"ListItem","position":2,"name":"Defensoria quer liberar Uber e Yet Go"}]},{"@type":"WebSite","@id":"http:\/\/yetgo.com.br\/blog\/#website","url":"http:\/\/yetgo.com.br\/blog\/","name":"Blog","description":"Novidades Yet GO","publisher":{"@id":"http:\/\/yetgo.com.br\/blog\/#organization"},"potentialAction":[{"@type":"SearchAction","target":{"@type":"EntryPoint","urlTemplate":"http:\/\/yetgo.com.br\/blog\/?s={search_term_string}"},"query-input":{"@type":"PropertyValueSpecification","valueRequired":true,"valueName":"search_term_string"}}],"inLanguage":"pt-BR"},{"@type":"Organization","@id":"http:\/\/yetgo.com.br\/blog\/#organization","name":"Blog","url":"http:\/\/yetgo.com.br\/blog\/","logo":{"@type":"ImageObject","inLanguage":"pt-BR","@id":"http:\/\/yetgo.com.br\/blog\/#\/schema\/logo\/image\/","url":"http:\/\/yetgo.com.br\/blog\/wp-content\/uploads\/2016\/11\/logo_YET_go_60.png","contentUrl":"http:\/\/yetgo.com.br\/blog\/wp-content\/uploads\/2016\/11\/logo_YET_go_60.png","width":116,"height":60,"caption":"Blog"},"image":{"@id":"http:\/\/yetgo.com.br\/blog\/#\/schema\/logo\/image\/"}},{"@type":"Person","@id":"http:\/\/yetgo.com.br\/blog\/#\/schema\/person\/172c9b1186627bbf282e76e5564cedf0","name":"Yet Go","image":{"@type":"ImageObject","inLanguage":"pt-BR","@id":"https:\/\/secure.gravatar.com\/avatar\/ba6688e218edcbcca0d43ba8cfe5fd896adca26c2f80a5e97750b8293fb67fad?s=96&d=mm&r=g","url":"https:\/\/secure.gravatar.com\/avatar\/ba6688e218edcbcca0d43ba8cfe5fd896adca26c2f80a5e97750b8293fb67fad?s=96&d=mm&r=g","contentUrl":"https:\/\/secure.gravatar.com\/avatar\/ba6688e218edcbcca0d43ba8cfe5fd896adca26c2f80a5e97750b8293fb67fad?s=96&d=mm&r=g","caption":"Yet Go"},"url":"http:\/\/yetgo.com.br\/blog\/author\/social\/"}]}},"_links":{"self":[{"href":"http:\/\/yetgo.com.br\/blog\/wp-json\/wp\/v2\/posts\/7731","targetHints":{"allow":["GET"]}}],"collection":[{"href":"http:\/\/yetgo.com.br\/blog\/wp-json\/wp\/v2\/posts"}],"about":[{"href":"http:\/\/yetgo.com.br\/blog\/wp-json\/wp\/v2\/types\/post"}],"author":[{"embeddable":true,"href":"http:\/\/yetgo.com.br\/blog\/wp-json\/wp\/v2\/users\/4"}],"replies":[{"embeddable":true,"href":"http:\/\/yetgo.com.br\/blog\/wp-json\/wp\/v2\/comments?post=7731"}],"version-history":[{"count":1,"href":"http:\/\/yetgo.com.br\/blog\/wp-json\/wp\/v2\/posts\/7731\/revisions"}],"predecessor-version":[{"id":7732,"href":"http:\/\/yetgo.com.br\/blog\/wp-json\/wp\/v2\/posts\/7731\/revisions\/7732"}],"wp:featuredmedia":[{"embeddable":true,"href":"http:\/\/yetgo.com.br\/blog\/wp-json\/wp\/v2\/media\/7667"}],"wp:attachment":[{"href":"http:\/\/yetgo.com.br\/blog\/wp-json\/wp\/v2\/media?parent=7731"}],"wp:term":[{"taxonomy":"category","embeddable":true,"href":"http:\/\/yetgo.com.br\/blog\/wp-json\/wp\/v2\/categories?post=7731"},{"taxonomy":"post_tag","embeddable":true,"href":"http:\/\/yetgo.com.br\/blog\/wp-json\/wp\/v2\/tags?post=7731"}],"curies":[{"name":"wp","href":"https:\/\/api.w.org\/{rel}","templated":true}]}}